{"id":560,"date":"2026-08-04T14:17:06","date_gmt":"2026-08-04T17:17:06","guid":{"rendered":"https:\/\/grupoz9.com.br\/blog\/?p=560"},"modified":"2026-08-04T14:28:30","modified_gmt":"2026-08-04T17:28:30","slug":"assedio-eleitoral-no-trabalho","status":"publish","type":"post","link":"https:\/\/grupoz9.com.br\/blog\/assedio-eleitoral-no-trabalho\/","title":{"rendered":"Justi\u00e7a do Trabalho alerta para ass\u00e9dio eleitoral nas rela\u00e7\u00f5es de trabalho"},"content":{"rendered":"<p class=\"wp-block-paragraph\" style=\"text-align: left;\"><strong>Com a proximidade do per\u00edodo eleitoral, a Justi\u00e7a do Trabalho refor\u00e7a o alerta sobre o ass\u00e9dio eleitoral no ambiente de trabalho, pr\u00e1tica que fere a liberdade de voto e pode gerar consequ\u00eancias nas esferas trabalhista, eleitoral e at\u00e9 criminal.<\/strong><\/p>\n<p><!--moreLeia Mais...--><\/p>\n<p>O ass\u00e9dio eleitoral ocorre quando uma pessoa em posi\u00e7\u00e3o de poder dentro da empresa usa essa autoridade para pressionar, constranger ou induzir trabalhadores a votar, deixar de votar ou apoiar determinado candidato, partido ou posicionamento pol\u00edtico \u2014 muitas vezes por meio de promessas de benef\u00edcios ou amea\u00e7as relacionadas \u00e0 continuidade do emprego.<!--more--><\/p>\n<p>Casos julgados ap\u00f3s as elei\u00e7\u00f5es de 2022 ilustram a gravidade do problema. Em Rio Verde (GO), uma ind\u00fastria de embalagens foi condenada a pagar R$ 1 mil de indeniza\u00e7\u00e3o por dano moral a cada empregado que estava na ativa durante o per\u00edodo eleitoral, depois de promover reuni\u00f5es para pressionar a equipe a apoiar um candidato espec\u00edfico no segundo turno, prometendo folga em caso de vit\u00f3ria. J\u00e1 em Vit\u00f3ria (ES), uma empresa de coaching foi condenada a indenizar em R$ 8 mil uma vendedora dispensada \u00e0s v\u00e9speras do segundo turno, ap\u00f3s se recusar a revelar publicamente suas posi\u00e7\u00f5es pol\u00edticas \u2014 a decis\u00e3o se baseou em \u00e1udios, mensagens e depoimentos de testemunhas.<\/p>\n<p>Segundo a Justi\u00e7a do Trabalho, nem toda conversa sobre pol\u00edtica no ambiente profissional configura ass\u00e9dio eleitoral: a conduta se caracteriza quando h\u00e1 press\u00e3o, intimida\u00e7\u00e3o ou constrangimento decorrente da rela\u00e7\u00e3o de trabalho. Entre os exemplos citados est\u00e3o amea\u00e7as de demiss\u00e3o, promessas de benef\u00edcios em troca de voto, cobran\u00e7a de participa\u00e7\u00e3o em atos pol\u00edticos, exig\u00eancia de divulga\u00e7\u00e3o de candidatos nas redes sociais pessoais e discrimina\u00e7\u00e3o por opini\u00f5es pol\u00edticas.<\/p>\n<p>Trabalhadores que sofrerem ou testemunharem situa\u00e7\u00f5es desse tipo devem, sempre que poss\u00edvel, reunir provas como mensagens, e-mails, \u00e1udios, v\u00eddeos ou identifica\u00e7\u00e3o de testemunhas. As den\u00fancias podem ser encaminhadas ao Tribunal Superior do Trabalho, ao Conselho Superior da Justi\u00e7a do Trabalho (CSJT) ou ao Minist\u00e9rio P\u00fablico do Trabalho (MPT), com possibilidade de sigilo da identidade do denunciante.<\/p>\n<p>&nbsp;<\/p>\n<p>Fonte: <strong>Jornal de Bras\u00edlia<\/strong> \u2013 <a href=\"https:\/\/jornaldebrasilia.com.br\/noticias\/brasil\/justica-do-trabalho-alerta-para-assedio-eleitoral-no-trabalho\/\" target=\"_blank\" rel=\"noopener\">https:\/\/jornaldebrasilia.com.br\/noticias\/brasil\/justica-do-trabalho-alerta-para-assedio-eleitoral-no-trabalho\/<\/a><\/p>\n","protected":false},"excerpt":{"rendered":"<p>Com a proximidade do per\u00edodo eleitoral, a Justi\u00e7a do Trabalho refor\u00e7a o alerta sobre o ass\u00e9dio eleitoral no ambiente de trabalho, pr\u00e1tica que pode gerar consequ\u00eancias nas esferas trabalhista, eleitoral e criminal.<\/p>\n","protected":false},"author":1,"featured_media":0,"comment_status":"open","ping_status":"open","sticky":false,"template":"","format":"standard","meta":{"footnotes":""},"categories":[9,10],"tags":[7,26,8,25],"class_list":["post-560","post","type-post","status-publish","format-standard","hentry","category-assedio","category-compliance","tag-assedio","tag-assedioeleitoral","tag-compliance","tag-violenciapolitica"],"yoast_head":"<!-- This site is optimized with the Yoast SEO plugin v20.7 - https:\/\/yoast.com\/wordpress\/plugins\/seo\/ -->\n<title>Justi\u00e7a do Trabalho alerta para ass\u00e9dio eleitoral nas rela\u00e7\u00f5es de trabalho - Blog Grupo Z9<\/title>\n<meta name=\"description\" content=\"Justi\u00e7a do Trabalho alerta: pressionar empregados a votar em determinado candidato \u00e9 ass\u00e9dio eleitoral e pode gerar indeniza\u00e7\u00e3o e puni\u00e7\u00e3o criminal.\" \/>\n<meta name=\"robots\" content=\"index, follow, max-snippet:-1, max-image-preview:large, max-video-preview:-1\" \/>\n<link rel=\"canonical\" href=\"http:\/\/grupoz9.com.br\/blog\/assedio-eleitoral-no-trabalho\/\" \/>\n<meta property=\"og:locale\" content=\"pt_BR\" \/>\n<meta property=\"og:type\" content=\"article\" \/>\n<meta property=\"og:title\" content=\"Justi\u00e7a do Trabalho alerta para ass\u00e9dio eleitoral nas rela\u00e7\u00f5es de trabalho - Blog Grupo Z9\" \/>\n<meta property=\"og:description\" content=\"Justi\u00e7a do Trabalho alerta: pressionar empregados a votar em determinado candidato \u00e9 ass\u00e9dio eleitoral e pode gerar indeniza\u00e7\u00e3o e puni\u00e7\u00e3o criminal.\" \/>\n<meta property=\"og:url\" content=\"http:\/\/grupoz9.com.br\/blog\/assedio-eleitoral-no-trabalho\/\" \/>\n<meta property=\"og:site_name\" content=\"Blog Grupo Z9\" \/>\n<meta property=\"article:publisher\" content=\"https:\/\/www.facebook.com\/grupoz9\" \/>\n<meta property=\"article:published_time\" content=\"2026-08-04T17:17:06+00:00\" \/>\n<meta property=\"article:modified_time\" content=\"2026-08-04T17:28:30+00:00\" \/>\n<meta name=\"author\" content=\"grupoz9\" \/>\n<meta name=\"twitter:card\" content=\"summary_large_image\" \/>\n<meta name=\"twitter:creator\" content=\"@grupoz9\" \/>\n<meta name=\"twitter:site\" content=\"@grupoz9\" \/>\n<meta name=\"twitter:label1\" content=\"Escrito por\" \/>\n\t<meta name=\"twitter:data1\" content=\"grupoz9\" \/>\n\t<meta name=\"twitter:label2\" content=\"Est. tempo de leitura\" \/>\n\t<meta name=\"twitter:data2\" content=\"2 minutos\" \/>\n<script type=\"application\/ld+json\" class=\"yoast-schema-graph\">{\"@context\":\"https:\/\/schema.org\",\"@graph\":[{\"@type\":\"Article\",\"@id\":\"http:\/\/grupoz9.com.br\/blog\/assedio-eleitoral-no-trabalho\/#article\",\"isPartOf\":{\"@id\":\"http:\/\/grupoz9.com.br\/blog\/assedio-eleitoral-no-trabalho\/\"},\"author\":{\"name\":\"grupoz9\",\"@id\":\"https:\/\/grupoz9.com.br\/blog\/#\/schema\/person\/dbd4bb221652f7f81a6b2274a230972b\"},\"headline\":\"Justi\u00e7a do Trabalho alerta para ass\u00e9dio eleitoral nas rela\u00e7\u00f5es de trabalho\",\"datePublished\":\"2026-08-04T17:17:06+00:00\",\"dateModified\":\"2026-08-04T17:28:30+00:00\",\"mainEntityOfPage\":{\"@id\":\"http:\/\/grupoz9.com.br\/blog\/assedio-eleitoral-no-trabalho\/\"},\"wordCount\":395,\"commentCount\":0,\"publisher\":{\"@id\":\"https:\/\/grupoz9.com.br\/blog\/#organization\"},\"keywords\":[\"assedio\",\"assedioeleitoral\",\"compliance\",\"violenciapolitica\"],\"articleSection\":[\"Ass\u00e9dio\",\"Compliance\"],\"inLanguage\":\"pt-BR\",\"potentialAction\":[{\"@type\":\"CommentAction\",\"name\":\"Comment\",\"target\":[\"http:\/\/grupoz9.com.br\/blog\/assedio-eleitoral-no-trabalho\/#respond\"]}]},{\"@type\":\"WebPage\",\"@id\":\"http:\/\/grupoz9.com.br\/blog\/assedio-eleitoral-no-trabalho\/\",\"url\":\"http:\/\/grupoz9.com.br\/blog\/assedio-eleitoral-no-trabalho\/\",\"name\":\"Justi\u00e7a do Trabalho alerta para ass\u00e9dio eleitoral nas rela\u00e7\u00f5es de trabalho - Blog Grupo Z9\",\"isPartOf\":{\"@id\":\"https:\/\/grupoz9.com.br\/blog\/#website\"},\"datePublished\":\"2026-08-04T17:17:06+00:00\",\"dateModified\":\"2026-08-04T17:28:30+00:00\",\"description\":\"Justi\u00e7a do Trabalho alerta: pressionar empregados a votar em determinado candidato \u00e9 ass\u00e9dio eleitoral e pode gerar indeniza\u00e7\u00e3o e puni\u00e7\u00e3o criminal.\",\"breadcrumb\":{\"@id\":\"http:\/\/grupoz9.com.br\/blog\/assedio-eleitoral-no-trabalho\/#breadcrumb\"},\"inLanguage\":\"pt-BR\",\"potentialAction\":[{\"@type\":\"ReadAction\",\"target\":[\"http:\/\/grupoz9.com.br\/blog\/assedio-eleitoral-no-trabalho\/\"]}]},{\"@type\":\"BreadcrumbList\",\"@id\":\"http:\/\/grupoz9.com.br\/blog\/assedio-eleitoral-no-trabalho\/#breadcrumb\",\"itemListElement\":[{\"@type\":\"ListItem\",\"position\":1,\"name\":\"In\u00edcio\",\"item\":\"https:\/\/grupoz9.com.br\/blog\/\"},{\"@type\":\"ListItem\",\"position\":2,\"name\":\"Justi\u00e7a do Trabalho alerta para ass\u00e9dio eleitoral nas rela\u00e7\u00f5es de trabalho\"}]},{\"@type\":\"WebSite\",\"@id\":\"https:\/\/grupoz9.com.br\/blog\/#website\",\"url\":\"https:\/\/grupoz9.com.br\/blog\/\",\"name\":\"Blog Grupo Z9\",\"description\":\"\",\"publisher\":{\"@id\":\"https:\/\/grupoz9.com.br\/blog\/#organization\"},\"potentialAction\":[{\"@type\":\"SearchAction\",\"target\":{\"@type\":\"EntryPoint\",\"urlTemplate\":\"https:\/\/grupoz9.com.br\/blog\/?s={search_term_string}\"},\"query-input\":\"required name=search_term_string\"}],\"inLanguage\":\"pt-BR\"},{\"@type\":\"Organization\",\"@id\":\"https:\/\/grupoz9.com.br\/blog\/#organization\",\"name\":\"Grupo Z9 Consultoria e Treinamento\",\"url\":\"https:\/\/grupoz9.com.br\/blog\/\",\"logo\":{\"@type\":\"ImageObject\",\"inLanguage\":\"pt-BR\",\"@id\":\"https:\/\/grupoz9.com.br\/blog\/#\/schema\/logo\/image\/\",\"url\":\"http:\/\/grupoz9.com.br\/blog\/wp-content\/uploads\/2022\/09\/logo-blog-2.jpg\",\"contentUrl\":\"http:\/\/grupoz9.com.br\/blog\/wp-content\/uploads\/2022\/09\/logo-blog-2.jpg\",\"width\":1500,\"height\":450,\"caption\":\"Grupo Z9 Consultoria e Treinamento\"},\"image\":{\"@id\":\"https:\/\/grupoz9.com.br\/blog\/#\/schema\/logo\/image\/\"},\"sameAs\":[\"https:\/\/www.facebook.com\/grupoz9\",\"https:\/\/twitter.com\/grupoz9\",\"https:\/\/www.instagram.com\/grupoz9\"]},{\"@type\":\"Person\",\"@id\":\"https:\/\/grupoz9.com.br\/blog\/#\/schema\/person\/dbd4bb221652f7f81a6b2274a230972b\",\"name\":\"grupoz9\",\"image\":{\"@type\":\"ImageObject\",\"inLanguage\":\"pt-BR\",\"@id\":\"https:\/\/grupoz9.com.br\/blog\/#\/schema\/person\/image\/\",\"url\":\"https:\/\/secure.gravatar.com\/avatar\/1ba4e9077b4c2028439d9c662ab8d68875c54e359c3ece93fed708d331436c50?s=96&d=mm&r=g\",\"contentUrl\":\"https:\/\/secure.gravatar.com\/avatar\/1ba4e9077b4c2028439d9c662ab8d68875c54e359c3ece93fed708d331436c50?s=96&d=mm&r=g\",\"caption\":\"grupoz9\"},\"sameAs\":[\"http:\/\/grupoz9.com.br\/blog\"],\"url\":\"https:\/\/grupoz9.com.br\/blog\/author\/grupoz9\/\"}]}<\/script>\n<!-- \/ Yoast SEO plugin. -->","yoast_head_json":{"title":"Justi\u00e7a do Trabalho alerta para ass\u00e9dio eleitoral nas rela\u00e7\u00f5es de trabalho - Blog Grupo Z9","description":"Justi\u00e7a do Trabalho alerta: pressionar empregados a votar em determinado candidato \u00e9 ass\u00e9dio eleitoral e pode gerar indeniza\u00e7\u00e3o e puni\u00e7\u00e3o criminal.","robots":{"index":"index","follow":"follow","max-snippet":"max-snippet:-1","max-image-preview":"max-image-preview:large","max-video-preview":"max-video-preview:-1"},"canonical":"http:\/\/grupoz9.com.br\/blog\/assedio-eleitoral-no-trabalho\/","og_locale":"pt_BR","og_type":"article","og_title":"Justi\u00e7a do Trabalho alerta para ass\u00e9dio eleitoral nas rela\u00e7\u00f5es de trabalho - Blog Grupo Z9","og_description":"Justi\u00e7a do Trabalho alerta: pressionar empregados a votar em determinado candidato \u00e9 ass\u00e9dio eleitoral e pode gerar indeniza\u00e7\u00e3o e puni\u00e7\u00e3o criminal.","og_url":"http:\/\/grupoz9.com.br\/blog\/assedio-eleitoral-no-trabalho\/","og_site_name":"Blog Grupo Z9","article_publisher":"https:\/\/www.facebook.com\/grupoz9","article_published_time":"2026-08-04T17:17:06+00:00","article_modified_time":"2026-08-04T17:28:30+00:00","author":"grupoz9","twitter_card":"summary_large_image","twitter_creator":"@grupoz9","twitter_site":"@grupoz9","twitter_misc":{"Escrito por":"grupoz9","Est. tempo de leitura":"2 minutos"},"schema":{"@context":"https:\/\/schema.org","@graph":[{"@type":"Article","@id":"http:\/\/grupoz9.com.br\/blog\/assedio-eleitoral-no-trabalho\/#article","isPartOf":{"@id":"http:\/\/grupoz9.com.br\/blog\/assedio-eleitoral-no-trabalho\/"},"author":{"name":"grupoz9","@id":"https:\/\/grupoz9.com.br\/blog\/#\/schema\/person\/dbd4bb221652f7f81a6b2274a230972b"},"headline":"Justi\u00e7a do Trabalho alerta para ass\u00e9dio eleitoral nas rela\u00e7\u00f5es de trabalho","datePublished":"2026-08-04T17:17:06+00:00","dateModified":"2026-08-04T17:28:30+00:00","mainEntityOfPage":{"@id":"http:\/\/grupoz9.com.br\/blog\/assedio-eleitoral-no-trabalho\/"},"wordCount":395,"commentCount":0,"publisher":{"@id":"https:\/\/grupoz9.com.br\/blog\/#organization"},"keywords":["assedio","assedioeleitoral","compliance","violenciapolitica"],"articleSection":["Ass\u00e9dio","Compliance"],"inLanguage":"pt-BR","potentialAction":[{"@type":"CommentAction","name":"Comment","target":["http:\/\/grupoz9.com.br\/blog\/assedio-eleitoral-no-trabalho\/#respond"]}]},{"@type":"WebPage","@id":"http:\/\/grupoz9.com.br\/blog\/assedio-eleitoral-no-trabalho\/","url":"http:\/\/grupoz9.com.br\/blog\/assedio-eleitoral-no-trabalho\/","name":"Justi\u00e7a do Trabalho alerta para ass\u00e9dio eleitoral nas rela\u00e7\u00f5es de trabalho - Blog Grupo Z9","isPartOf":{"@id":"https:\/\/grupoz9.com.br\/blog\/#website"},"datePublished":"2026-08-04T17:17:06+00:00","dateModified":"2026-08-04T17:28:30+00:00","description":"Justi\u00e7a do Trabalho alerta: pressionar empregados a votar em determinado candidato \u00e9 ass\u00e9dio eleitoral e pode gerar indeniza\u00e7\u00e3o e puni\u00e7\u00e3o criminal.","breadcrumb":{"@id":"http:\/\/grupoz9.com.br\/blog\/assedio-eleitoral-no-trabalho\/#breadcrumb"},"inLanguage":"pt-BR","potentialAction":[{"@type":"ReadAction","target":["http:\/\/grupoz9.com.br\/blog\/assedio-eleitoral-no-trabalho\/"]}]},{"@type":"BreadcrumbList","@id":"http:\/\/grupoz9.com.br\/blog\/assedio-eleitoral-no-trabalho\/#breadcrumb","itemListElement":[{"@type":"ListItem","position":1,"name":"In\u00edcio","item":"https:\/\/grupoz9.com.br\/blog\/"},{"@type":"ListItem","position":2,"name":"Justi\u00e7a do Trabalho alerta para ass\u00e9dio eleitoral nas rela\u00e7\u00f5es de trabalho"}]},{"@type":"WebSite","@id":"https:\/\/grupoz9.com.br\/blog\/#website","url":"https:\/\/grupoz9.com.br\/blog\/","name":"Blog Grupo Z9","description":"","publisher":{"@id":"https:\/\/grupoz9.com.br\/blog\/#organization"},"potentialAction":[{"@type":"SearchAction","target":{"@type":"EntryPoint","urlTemplate":"https:\/\/grupoz9.com.br\/blog\/?s={search_term_string}"},"query-input":"required name=search_term_string"}],"inLanguage":"pt-BR"},{"@type":"Organization","@id":"https:\/\/grupoz9.com.br\/blog\/#organization","name":"Grupo Z9 Consultoria e Treinamento","url":"https:\/\/grupoz9.com.br\/blog\/","logo":{"@type":"ImageObject","inLanguage":"pt-BR","@id":"https:\/\/grupoz9.com.br\/blog\/#\/schema\/logo\/image\/","url":"http:\/\/grupoz9.com.br\/blog\/wp-content\/uploads\/2022\/09\/logo-blog-2.jpg","contentUrl":"http:\/\/grupoz9.com.br\/blog\/wp-content\/uploads\/2022\/09\/logo-blog-2.jpg","width":1500,"height":450,"caption":"Grupo Z9 Consultoria e Treinamento"},"image":{"@id":"https:\/\/grupoz9.com.br\/blog\/#\/schema\/logo\/image\/"},"sameAs":["https:\/\/www.facebook.com\/grupoz9","https:\/\/twitter.com\/grupoz9","https:\/\/www.instagram.com\/grupoz9"]},{"@type":"Person","@id":"https:\/\/grupoz9.com.br\/blog\/#\/schema\/person\/dbd4bb221652f7f81a6b2274a230972b","name":"grupoz9","image":{"@type":"ImageObject","inLanguage":"pt-BR","@id":"https:\/\/grupoz9.com.br\/blog\/#\/schema\/person\/image\/","url":"https:\/\/secure.gravatar.com\/avatar\/1ba4e9077b4c2028439d9c662ab8d68875c54e359c3ece93fed708d331436c50?s=96&d=mm&r=g","contentUrl":"https:\/\/secure.gravatar.com\/avatar\/1ba4e9077b4c2028439d9c662ab8d68875c54e359c3ece93fed708d331436c50?s=96&d=mm&r=g","caption":"grupoz9"},"sameAs":["http:\/\/grupoz9.com.br\/blog"],"url":"https:\/\/grupoz9.com.br\/blog\/author\/grupoz9\/"}]}},"_links":{"self":[{"href":"https:\/\/grupoz9.com.br\/blog\/wp-json\/wp\/v2\/posts\/560","targetHints":{"allow":["GET"]}}],"collection":[{"href":"https:\/\/grupoz9.com.br\/blog\/wp-json\/wp\/v2\/posts"}],"about":[{"href":"https:\/\/grupoz9.com.br\/blog\/wp-json\/wp\/v2\/types\/post"}],"author":[{"embeddable":true,"href":"https:\/\/grupoz9.com.br\/blog\/wp-json\/wp\/v2\/users\/1"}],"replies":[{"embeddable":true,"href":"https:\/\/grupoz9.com.br\/blog\/wp-json\/wp\/v2\/comments?post=560"}],"version-history":[{"count":5,"href":"https:\/\/grupoz9.com.br\/blog\/wp-json\/wp\/v2\/posts\/560\/revisions"}],"predecessor-version":[{"id":566,"href":"https:\/\/grupoz9.com.br\/blog\/wp-json\/wp\/v2\/posts\/560\/revisions\/566"}],"wp:attachment":[{"href":"https:\/\/grupoz9.com.br\/blog\/wp-json\/wp\/v2\/media?parent=560"}],"wp:term":[{"taxonomy":"category","embeddable":true,"href":"https:\/\/grupoz9.com.br\/blog\/wp-json\/wp\/v2\/categories?post=560"},{"taxonomy":"post_tag","embeddable":true,"href":"https:\/\/grupoz9.com.br\/blog\/wp-json\/wp\/v2\/tags?post=560"}],"curies":[{"name":"wp","href":"https:\/\/api.w.org\/{rel}","templated":true}]}}